{"id":277,"date":"2025-01-22T17:40:11","date_gmt":"2025-01-22T16:40:11","guid":{"rendered":"https:\/\/migmatit.se\/?p=277"},"modified":"2025-01-22T17:52:57","modified_gmt":"2025-01-22T16:52:57","slug":"vision-riktning-ambition-manga-namn-att-valja-mellan","status":"publish","type":"post","link":"https:\/\/migmatit.se\/en\/vision-riktning-ambition-manga-namn-att-valja-mellan\/","title":{"rendered":"Vision, Riktning, Ambition&#8230; m\u00e5nga namn att v\u00e4lja mellan"},"content":{"rendered":"<p>Ta fram visionen som ditt f\u00f6retag eller organisation har och l\u00e4s den f\u00f6r dig sj\u00e4lv. Fundera lite kort kring<\/p>\n\n\n\n<ul class=\"wp-block-list\">\n<li>Vad motiverar dig i den?<\/li>\n\n\n\n<li>Hur ser du att ditt bidrag kan vara f\u00f6r att g\u00f6ra den m\u00f6jlig?<\/li>\n\n\n\n<li>P\u00e5 en skala 0-10 d\u00e4r 10 \u00e4r h\u00f6gst hur m\u00f6jligt tror du det \u00e4r att uppn\u00e5 visionen?<\/li>\n<\/ul>\n\n\n\n<p>Utifr\u00e5n temat som inleddes f\u00f6rra veckan kring f\u00f6r\u00e4ndringspyramiden s\u00e5 definieras vision som \u201den mental bild \u00f6ver vad framtiden vill\/kan vara\u201d men ocks\u00e5 med en tydlig addering i att det ska vara ett <em>bidrag<\/em> till ett st\u00f6rre sammanhang \u00e4n sin egna bubbla.<\/p>\n\n\n\n<figure class=\"wp-block-embed is-type-video is-provider-youtube wp-block-embed-youtube wp-embed-aspect-16-9 wp-has-aspect-ratio\"><div class=\"wp-block-embed__wrapper\">\n<div class=\"ast-oembed-container\" style=\"height: 100%;\"><iframe loading=\"lazy\" title=\"Vad \u00e4r egentligen viktigast?\" width=\"500\" height=\"281\" src=\"https:\/\/www.youtube.com\/embed\/SNt2IAXSp7U?feature=oembed\" frameborder=\"0\" allow=\"accelerometer; autoplay; clipboard-write; encrypted-media; gyroscope; picture-in-picture; web-share\" referrerpolicy=\"strict-origin-when-cross-origin\" allowfullscreen><\/iframe><\/div>\n<\/div><\/figure>\n\n\n\n<p>Vision har m\u00e5nga olika synonymer. H\u00e4r \u00e4r n\u00e5gra jag fick listade n\u00e4r jag st\u00e4llde fr\u00e5ga till ChatGPT:<\/p>\n\n\n\n<h3 class=\"wp-block-heading\"><strong>Synonymer f\u00f6r vision som framtidsbild eller m\u00e5l:<\/strong><\/h3>\n\n\n\n<ul class=\"wp-block-list\">\n<li>Framtidsdr\u00f6m<\/li>\n\n\n\n<li>Riktning<\/li>\n\n\n\n<li>M\u00e5lbild<\/li>\n\n\n\n<li>Framtidsvision<\/li>\n\n\n\n<li>Idealbild<\/li>\n\n\n\n<li>Strategisk inriktning<\/li>\n\n\n\n<li>F\u00f6rv\u00e4ntning<\/li>\n\n\n\n<li>\u00d6nskat l\u00e4ge<\/li>\n\n\n\n<li>Ambition<\/li>\n\n\n\n<li>Framtidsperspektiv<\/li>\n<\/ul>\n\n\n\n<h3 class=\"wp-block-heading\"><strong>Synonymer f\u00f6r vision som en klar id\u00e9 eller koncept:<\/strong><\/h3>\n\n\n\n<ul class=\"wp-block-list\">\n<li>F\u00f6rest\u00e4llning<\/li>\n\n\n\n<li>Tanke<\/li>\n\n\n\n<li>Uppfattning<\/li>\n\n\n\n<li>Koncept<\/li>\n\n\n\n<li>Id\u00e9<\/li>\n<\/ul>\n\n\n\n<h3 class=\"wp-block-heading\"><strong>Synonymer f\u00f6r vision som inspiration:<\/strong><\/h3>\n\n\n\n<ul class=\"wp-block-list\">\n<li>Inspiration<\/li>\n\n\n\n<li>Ledstj\u00e4rna<\/li>\n\n\n\n<li>Guidning<\/li>\n\n\n\n<li>Drivkraft<\/li>\n\n\n\n<li>Syfte<\/li>\n<\/ul>\n\n\n\n<p>Jag personligen gillar att beskriva vision som en tavelram med m\u00e5lande bild i. T\u00e4nk dig som att du h\u00e5ller i en travelram i b\u00e5da h\u00e4nderna och tittar igenom den. Beroende p\u00e5 hur stor ramen \u00e4r, vart du riktar den, och hur n\u00e4ra du h\u00e5ller den s\u00e5 kommer du se olika mycket genom ramen. (Sticker du igenom ditt huvud s\u00e5 kommer du f\u00e5 ett \u00e4nnu vidare perspektiv!) D\u00e4r du \u00e4r n\u00f6jd med inneh\u00e5llet och f\u00e5ngat inneh\u00e5llet i din vision, tar du en mental bild som du s\u00e4tter in i ramen. Du har d\u00e4rmed best\u00e4mt dig f\u00f6r en riktning, hur du visualiserar din vision, hur stor ram\/hur stort bidrag\/omf\u00e5ng visionen har.<\/p>\n\n\n\n<p>Som addering till detta s\u00e4rskiljer jag p\u00e5 Vision, Ambition och M\u00e5l. Det finns m\u00e5nga olika definitioner, men jag f\u00f6rklarar det som f\u00f6ljande bild.<\/p>\n\n\n\n<div class=\"wp-block-columns is-layout-flex wp-container-core-columns-is-layout-28f84493 wp-block-columns-is-layout-flex\">\n<div class=\"wp-block-column is-layout-flow wp-block-column-is-layout-flow\">\n<figure class=\"wp-block-image size-large\"><img loading=\"lazy\" decoding=\"async\" width=\"1024\" height=\"1024\" src=\"https:\/\/migmatit.se\/wp-content\/uploads\/2025\/01\/Vision-ambition-mal-1024x1024.jpg\" alt=\"\" class=\"wp-image-278\" srcset=\"https:\/\/migmatit.se\/wp-content\/uploads\/2025\/01\/Vision-ambition-mal-1024x1024.jpg 1024w, https:\/\/migmatit.se\/wp-content\/uploads\/2025\/01\/Vision-ambition-mal-300x300.jpg 300w, https:\/\/migmatit.se\/wp-content\/uploads\/2025\/01\/Vision-ambition-mal-150x150.jpg 150w, https:\/\/migmatit.se\/wp-content\/uploads\/2025\/01\/Vision-ambition-mal-768x768.jpg 768w, https:\/\/migmatit.se\/wp-content\/uploads\/2025\/01\/Vision-ambition-mal-100x100.jpg 100w, https:\/\/migmatit.se\/wp-content\/uploads\/2025\/01\/Vision-ambition-mal.jpg 1080w\" sizes=\"auto, (max-width: 1024px) 100vw, 1024px\" \/><\/figure>\n<\/div>\n\n\n\n<div class=\"wp-block-column is-layout-flow wp-block-column-is-layout-flow\">\n<p><br>D\u00e4r Ambition \u00e4r en delm\u00e4ngd av Visionen. Ambition kan vara det som vi som f\u00f6retag har valt att uppn\u00e5 inom 3-5 \u00e5r. M\u00e5len \u00e4r de som ligger i n\u00e4rtid, inom ett \u00e5r. Ju n\u00e4rmare vi \u00e4r i tid att de ska vara genomf\u00f6rda s\u00e5 blir ocks\u00e5 det \u00e4n mer konkret och tydligt vilket resultat som ska uppn\u00e5s.<\/p>\n<\/div>\n<\/div>\n\n\n\n<h2 class=\"wp-block-heading\">Vad \u00e4r det som g\u00f6r att en vision \u00e4r bra, b\u00e4ttre eller riktigt bra!<\/h2>\n\n\n\n<p>F\u00f6r f\u00f6retag och organisationer \u00e4r visionen ett s\u00e4tt att dels att attrahera och engagera sina medarbetare \u2013 att de k\u00e4nner att de \u00e4r med och bidrar till n\u00e5got de vill vara delaktiga i. Det \u00e4r ocks\u00e5 ett s\u00e4tt att attrahera kunder och samarbetspartners f\u00f6r genom visionen s\u00e5 blir det ocks\u00e5 ett s\u00e4tt att beskriva vilken typ av avtryck som man vill g\u00f6ra fram\u00e5t. Ett bolag som som vill bidra till en framtid d\u00e4r det \u00e4r friskare luft kommer antagligen inte ens \u00f6verv\u00e4ga att att k\u00f6pa tj\u00e4nster fr\u00e5n ett f\u00f6retag som ser kolkraftverk som den prim\u00e4ra energik\u00e4llan i framtiden.<\/p>\n\n\n\n<p>S\u00e5 vad \u00e4r det viktigt att en vision kan f\u00f6rmedla?<\/p>\n\n\n\n<p>Den \u00e4r <strong>m\u00e5lande <\/strong>\u2013 att den m\u00e5lar upp en framtid kring hur det d\u00e5 ser ut. Detta kan vara kring vad \u00e4r f\u00f6r\u00e4ndrat, mer eller mindre av.<\/p>\n\n\n\n<p>Den \u00e4r <strong>motiverande <\/strong>\u2013 att den kan beskriva det som \u00e4r annorlunda p\u00e5 ett s\u00e5dant s\u00e4tt att det \u00e4r verkligen \u00e4r intressant att l\u00e4gga in extra kraft och ambition att n\u00e5 dit. Till en b\u00f6rjan \u00e4r kanske motivationen snarare att komma ifr\u00e5n n\u00e5got besv\u00e4rligt och n\u00e5 ett \u201denklare\u201d l\u00e4ge.<\/p>\n\n\n\n<p>Att det \u00e4r <strong>m\u00f6jligt <\/strong>\u2013 ju mer m\u00e5lande den \u00e4r och ju b\u00e4ttre som vi kan f\u00f6rest\u00e4lla oss i en v\u00e4rld d\u00e4r denna vision f\u00e5tt liv ju mer ser vi ocks\u00e5 m\u00f6jligheter att n\u00e5 dit. En vision kan str\u00e4va l\u00e5ngt men viktigt att kunna f\u00f6rmedla att det finns m\u00f6jliga v\u00e4gar dit\u00e5t.<\/p>\n\n\n\n<p>Att det \u00e4r \u201dmy business\u201d \u2013 Att det finns <strong>delar som jag ser hur jag kan bidra in i detta <\/strong>\u2013 kan vara s\u00e5 konkret som genom tj\u00e4nster och produkter. Att det ocks\u00e5 att jag \u00e4r villig att ta mitt ansvar i att agera f\u00f6r att detta ska realiseras.<\/p>\n\n\n\n<div class=\"wp-block-columns is-layout-flex wp-container-core-columns-is-layout-28f84493 wp-block-columns-is-layout-flex\">\n<div class=\"wp-block-column is-layout-flow wp-block-column-is-layout-flow\">\n<p><br>En riktigt bra konstn\u00e4r f\u00e5ngar ju inte bara en fantastisk bild med sin m\u00e5lning den f\u00f6rmedlar \u00e4ven k\u00e4nslor som g\u00f6r att du som \u00e5sk\u00e5dare dras in i bilden och ber\u00f6rs p\u00e5 ett eller annat s\u00e4tt. S\u00e5 n\u00e4r du som ledare ber\u00e4ttar om er organisations vision \u2013 m\u00e5la upp den s\u00e5 att den som lyssnar k\u00e4nner att d\u00e4r vill den n\u00e5 och den vill bidra in i detta.<\/p>\n<\/div>\n\n\n\n<div class=\"wp-block-column is-layout-flow wp-block-column-is-layout-flow\">\n<figure class=\"wp-block-image size-large\"><img loading=\"lazy\" decoding=\"async\" width=\"1024\" height=\"1024\" src=\"https:\/\/migmatit.se\/wp-content\/uploads\/2025\/01\/Gemensam-vision-1024x1024.jpg\" alt=\"\" class=\"wp-image-279\" srcset=\"https:\/\/migmatit.se\/wp-content\/uploads\/2025\/01\/Gemensam-vision-1024x1024.jpg 1024w, https:\/\/migmatit.se\/wp-content\/uploads\/2025\/01\/Gemensam-vision-300x300.jpg 300w, https:\/\/migmatit.se\/wp-content\/uploads\/2025\/01\/Gemensam-vision-150x150.jpg 150w, https:\/\/migmatit.se\/wp-content\/uploads\/2025\/01\/Gemensam-vision-768x768.jpg 768w, https:\/\/migmatit.se\/wp-content\/uploads\/2025\/01\/Gemensam-vision-100x100.jpg 100w, https:\/\/migmatit.se\/wp-content\/uploads\/2025\/01\/Gemensam-vision.jpg 1080w\" sizes=\"auto, (max-width: 1024px) 100vw, 1024px\" \/><\/figure>\n<\/div>\n<\/div>\n\n\n\n<h2 class=\"wp-block-heading\"><strong>Att reflektera kring<\/strong><\/h2>\n\n\n\n<p><br>Utifr\u00e5n  inledningen av detta inl\u00e4gget kring er nuvarande vision. Hur kan du g\u00f6ra den \u00e4n mer m\u00e5lande, motiverande, m\u00f6jlig och d\u00e4r du aktivt agerar och bidrar f\u00f6r att ta steg i den riktningen?<\/p>\n\n\n\n<p>Du kan anv\u00e4nda f\u00f6ljande fr\u00e5gor f\u00f6r att g\u00f6ra det mer m\u00e5lande:<\/p>\n\n\n\n<p>&#8211; Vad vill du\/ni skapa i v\u00e4rlden som ligger bortom dig\/er sj\u00e4lva?<\/p>\n\n\n\n<p>&#8211; Vad vill du se mer och mindre av i v\u00e4rlden?<\/p>\n\n\n\n<p>&#8211; Hur ser v\u00e4rlden ut som du vill tillh\u00f6ra?<\/p>\n\n\n\n<p><br>Det b\u00e4sta knepet jag tar till f\u00f6r att g\u00f6ra visionen \u00e4n mer m\u00e5lande \u00e4r att t\u00e4nka som om jag har en tidsmaskin och den tar jag mig till framtiden d\u00e5 visionen \u00e4r verklighet. Att vara d\u00e4r och se, uppleva och tr\u00e4ffa andra skapar tydligheten, delaktighet med mera.<\/p>\n\n\n\n<p>Lycka till i visionerandet! F\u00f6r annars blir det kanske som i Alice i Underlandet<\/p>\n\n\n\n<p>\u2013 \u201cVill du vara sn\u00e4ll och tala om f\u00f6r mig vilken v\u00e4g jag ska ta h\u00e4rifr\u00e5n?\u201d<\/p>\n\n\n\n<p>\u2013 \u201cDet beror p\u00e5 vart du vill komma\u201d svarade katten<\/p>\n\n\n\n<p>\u2013 \u201cDet spelar inte s\u00e5 stor roll\u2026\u201d, sa Alice<\/p>\n\n\n\n<p>-\u201cD\u00e5 spelar det heller ingen roll vilken v\u00e4g du tar\u201d, sa katten<\/p>\n\n\n\n<p>\u2013 \u201c\u2026s\u00e5 l\u00e4nge som jag kommer n\u00e5gonstans\u201d, fortsatte Alice<\/p>\n\n\n\n<p>\u2013 \u201c\u00c5h, det kommer du att g\u00f6ra\u201d, sa katten, \u201cbara du g\u00e5r tillr\u00e4ckligt l\u00e5ngt\u201d.<\/p>","protected":false},"excerpt":{"rendered":"<p>Ta fram visionen som ditt f\u00f6retag eller organisation har och l\u00e4s den f\u00f6r dig sj\u00e4lv. Fundera lite kort kring Utifr\u00e5n temat som inleddes f\u00f6rra veckan kring f\u00f6r\u00e4ndringspyramiden s\u00e5 definieras vision som \u201den mental bild \u00f6ver vad framtiden vill\/kan vara\u201d men ocks\u00e5 med en tydlig addering i att det ska vara ett bidrag till ett st\u00f6rre [&hellip;]<\/p>\n","protected":false},"author":1,"featured_media":279,"comment_status":"open","ping_status":"open","sticky":false,"template":"","format":"standard","meta":{"_uag_custom_page_level_css":"","site-sidebar-layout":"default","site-content-layout":"","ast-site-content-layout":"default","site-content-style":"default","site-sidebar-style":"default","ast-global-header-display":"","ast-banner-title-visibility":"","ast-main-header-display":"","ast-hfb-above-header-display":"","ast-hfb-below-header-display":"","ast-hfb-mobile-header-display":"","site-post-title":"","ast-breadcrumbs-content":"","ast-featured-img":"","footer-sml-layout":"","theme-transparent-header-meta":"","adv-header-id-meta":"","stick-header-meta":"","header-above-stick-meta":"","header-main-stick-meta":"","header-below-stick-meta":"","astra-migrate-meta-layouts":"default","ast-page-background-enabled":"default","ast-page-background-meta":{"desktop":{"background-color":"var(--ast-global-color-4)","background-image":"","background-repeat":"repeat","background-position":"center center","background-size":"auto","background-attachment":"scroll","background-type":"","background-media":"","overlay-type":"","overlay-color":"","overlay-opacity":"","overlay-gradient":""},"tablet":{"background-color":"","background-image":"","background-repeat":"repeat","background-position":"center center","background-size":"auto","background-attachment":"scroll","background-type":"","background-media":"","overlay-type":"","overlay-color":"","overlay-opacity":"","overlay-gradient":""},"mobile":{"background-color":"","background-image":"","background-repeat":"repeat","background-position":"center center","background-size":"auto","background-attachment":"scroll","background-type":"","background-media":"","overlay-type":"","overlay-color":"","overlay-opacity":"","overlay-gradient":""}},"ast-content-background-meta":{"desktop":{"background-color":"var(--ast-global-color-5)","background-image":"","background-repeat":"repeat","background-position":"center center","background-size":"auto","background-attachment":"scroll","background-type":"","background-media":"","overlay-type":"","overlay-color":"","overlay-opacity":"","overlay-gradient":""},"tablet":{"background-color":"var(--ast-global-color-5)","background-image":"","background-repeat":"repeat","background-position":"center center","background-size":"auto","background-attachment":"scroll","background-type":"","background-media":"","overlay-type":"","overlay-color":"","overlay-opacity":"","overlay-gradient":""},"mobile":{"background-color":"var(--ast-global-color-5)","background-image":"","background-repeat":"repeat","background-position":"center center","background-size":"auto","background-attachment":"scroll","background-type":"","background-media":"","overlay-type":"","overlay-color":"","overlay-opacity":"","overlay-gradient":""}},"footnotes":""},"categories":[1],"tags":[],"class_list":["post-277","post","type-post","status-publish","format-standard","has-post-thumbnail","hentry","category-uncategorised"],"uagb_featured_image_src":{"full":["https:\/\/migmatit.se\/wp-content\/uploads\/2025\/01\/Gemensam-vision.jpg",1080,1080,false],"thumbnail":["https:\/\/migmatit.se\/wp-content\/uploads\/2025\/01\/Gemensam-vision-150x150.jpg",150,150,true],"medium":["https:\/\/migmatit.se\/wp-content\/uploads\/2025\/01\/Gemensam-vision-300x300.jpg",300,300,true],"medium_large":["https:\/\/migmatit.se\/wp-content\/uploads\/2025\/01\/Gemensam-vision-768x768.jpg",768,768,true],"large":["https:\/\/migmatit.se\/wp-content\/uploads\/2025\/01\/Gemensam-vision-1024x1024.jpg",1024,1024,true],"1536x1536":["https:\/\/migmatit.se\/wp-content\/uploads\/2025\/01\/Gemensam-vision.jpg",1080,1080,false],"2048x2048":["https:\/\/migmatit.se\/wp-content\/uploads\/2025\/01\/Gemensam-vision.jpg",1080,1080,false],"trp-custom-language-flag":["https:\/\/migmatit.se\/wp-content\/uploads\/2025\/01\/Gemensam-vision.jpg",12,12,false]},"uagb_author_info":{"display_name":"Hanna Zaxmy","author_link":"https:\/\/migmatit.se\/en\/author\/hanna_local\/"},"uagb_comment_info":0,"uagb_excerpt":"Ta fram visionen som ditt f\u00f6retag eller organisation har och l\u00e4s den f\u00f6r dig sj\u00e4lv. Fundera lite kort kring Utifr\u00e5n temat som inleddes f\u00f6rra veckan kring f\u00f6r\u00e4ndringspyramiden s\u00e5 definieras vision som \u201den mental bild \u00f6ver vad framtiden vill\/kan vara\u201d men ocks\u00e5 med en tydlig addering i att det ska vara ett bidrag till ett st\u00f6rre&hellip;","_links":{"self":[{"href":"https:\/\/migmatit.se\/en\/wp-json\/wp\/v2\/posts\/277","targetHints":{"allow":["GET"]}}],"collection":[{"href":"https:\/\/migmatit.se\/en\/wp-json\/wp\/v2\/posts"}],"about":[{"href":"https:\/\/migmatit.se\/en\/wp-json\/wp\/v2\/types\/post"}],"author":[{"embeddable":true,"href":"https:\/\/migmatit.se\/en\/wp-json\/wp\/v2\/users\/1"}],"replies":[{"embeddable":true,"href":"https:\/\/migmatit.se\/en\/wp-json\/wp\/v2\/comments?post=277"}],"version-history":[{"count":1,"href":"https:\/\/migmatit.se\/en\/wp-json\/wp\/v2\/posts\/277\/revisions"}],"predecessor-version":[{"id":280,"href":"https:\/\/migmatit.se\/en\/wp-json\/wp\/v2\/posts\/277\/revisions\/280"}],"wp:featuredmedia":[{"embeddable":true,"href":"https:\/\/migmatit.se\/en\/wp-json\/wp\/v2\/media\/279"}],"wp:attachment":[{"href":"https:\/\/migmatit.se\/en\/wp-json\/wp\/v2\/media?parent=277"}],"wp:term":[{"taxonomy":"category","embeddable":true,"href":"https:\/\/migmatit.se\/en\/wp-json\/wp\/v2\/categories?post=277"},{"taxonomy":"post_tag","embeddable":true,"href":"https:\/\/migmatit.se\/en\/wp-json\/wp\/v2\/tags?post=277"}],"curies":[{"name":"wp","href":"https:\/\/api.w.org\/{rel}","templated":true}]}}