{"id":197,"date":"2024-10-22T14:24:59","date_gmt":"2024-10-22T13:24:59","guid":{"rendered":"https:\/\/migmatit.se\/?p=197"},"modified":"2024-10-22T14:24:59","modified_gmt":"2024-10-22T13:24:59","slug":"vad-har-praglat-dig-till-att-vara-den-du-ar-idag","status":"publish","type":"post","link":"https:\/\/migmatit.se\/en\/vad-har-praglat-dig-till-att-vara-den-du-ar-idag\/","title":{"rendered":"Vad har pr\u00e4glat dig till att vara den du \u00e4r idag?"},"content":{"rendered":"<p>Vem eller vilka har format dig, och hur har dessa personer och h\u00e4ndelser p\u00e5verkat ditt s\u00e4tt att leda och agera?<\/p>\n\n\n\n<p>L\u00e5t mig ta dig tillbaka till sommaren mellan min studentexamen och b\u00f6rjan p\u00e5 mitt nya kapitel. Jag hade precis blivit antagen till h\u00f6gskolan, och d\u00e4r stod jag, nere i v\u00e5r familjs f\u00e4rgbutik, d\u00e4r jag jobbat under helger och skollov s\u00e5 l\u00e4nge jag kan minnas. Jag f\u00f6ddes n\u00e4mligen in i en <strong>f\u00e4rghandlarfamilj<\/strong>.<\/p>\n\n\n\n<p>Min farmor och farfar startade en golvl\u00e4ggarfirma p\u00e5 60-talet, och deras fyra s\u00f6ner, inklusive min far, v\u00e4xte in i arbetet. F\u00f6retaget expanderade och blev till en butik d\u00e4r vi s\u00e5lde f\u00e4rg, tapeter, klinker \u2013 allt du kan t\u00e4nka dig f\u00f6r att skapa ditt dr\u00f6mhem. \ud83c\udfa8 Det var naturligt f\u00f6r mig att cykla dit efter skolan, s\u00e4tta mig i fikarummet och g\u00f6ra mina l\u00e4xor, eller hj\u00e4lpa farmor att fylla hyllorna med f\u00e4rgburkar.<\/p>\n\n\n\n<p>Som ton\u00e5ring b\u00f6rjade jag dock bli tr\u00f6tt p\u00e5 det \u2013 eller kanske snarare r\u00e4dd f\u00f6r att fastna d\u00e4r. Min far hade g\u00e5tt direkt fr\u00e5n sin realexamen till butiken och aldrig riktigt f\u00e5tt chansen att studera, trots att han egentligen ville. Han uppmuntrade mig och min bror att g\u00e5 v\u00e5r egen v\u00e4g och v\u00e4lja det vi verkligen ville g\u00f6ra.<\/p>\n\n\n\n<p>S\u00e5 n\u00e4r jag fick antagningsbeskedet till h\u00f6gskolan f\u00f6r programvaruutveckling var jag <strong>\u00f6verlycklig<\/strong>! \ud83d\ude04 Jag skulle flytta till en ny stad och starta ett nytt kapitel. Jag skulle g\u00f6ra n\u00e5got helt annat \u00e4n att s\u00e4lja f\u00e4rg. Det var s\u00e5 sp\u00e4nnande! \ud83c\udf93\u2728<\/p>\n\n\n\n<p>Men idag, n\u00e4r jag tittar i backspegeln, \u00e4r jag faktiskt stolt \u00f6ver att vara en <strong>f\u00e4rghandlardotter<\/strong>. F\u00f6r den uppv\u00e4xten har gett mig v\u00e4rdefulla insikter och erfarenheter som jag inte hade f\u00e5tt n\u00e5gon annanstans. Jag har sett hur det \u00e4r att driva f\u00f6retag, b\u00e5de n\u00e4r det g\u00e5r bra och n\u00e4r det \u00e4r tufft. L\u00e4nge sa jag: &#8221;Aldrig att jag ska bli f\u00f6retagare!&#8221; eftersom jag s\u00e5g hur mycket dedikation och uppoffringar det kr\u00e4vde.<\/p>\n\n\n\n<p>Men jag l\u00e4rde mig tidigt vikten av att <strong>lyssna p\u00e5 kundernas behov<\/strong> innan jag gav r\u00e5d eller st\u00f6ttning. Detta \u00e4r n\u00e5got jag alltid har med mig, oavsett sammanhang. Fr\u00e5n min farmor l\u00e4rde jag mig att alltid vara hj\u00e4lpsam och aktiv genom att se hur hon var och vad hon gjorde. Hon var en f\u00f6rebild som formade mitt s\u00e4tt att ta ansvar och visa omtanke.<\/p>\n\n\n\n<p>Min far och mina farbr\u00f6der har l\u00e4rt mig s\u00e5 mycket om f\u00f6retagsledning, strategi och att vara <strong>v\u00e4rderingsstyrd och l\u00f6sningsorienterad<\/strong>. De har visat mig vad det inneb\u00e4r att leda med hj\u00e4rtat men samtidigt ha en strategisk inriktning. \ud83c\udf1f<\/p>\n\n\n\n<p>Aldrig trodde jag, d\u00e4r under sommaren 1998, att jag skulle st\u00e5 h\u00e4r idag, \u00e5r 2024, och prata om <strong>F\u00e4rgrikt Ledarskap (Vibrant Leadership)<\/strong>. Men nu n\u00e4r jag g\u00f6r det, f\u00f6rst\u00e5r jag att detta har varit en viktig del av vem jag \u00e4r \u2013 och det \u00e4r en del av min unika <strong>f\u00e4rgpalett<\/strong>. \ud83c\udf08<\/p>\n\n\n\n<p>Alla dessa erfarenheter har byggt upp min <strong>ledarpalett<\/strong> och format mig till den ledare jag \u00e4r idag. Och det \u00e4r just detta jag vill uppmuntra dig och andra till: att f\u00f6rst\u00e5 och anv\u00e4nda sin egen f\u00e4rgpalett \u2013 de erfarenheter och verktyg som skapar det mest effektfulla s\u00e4ttet att leda sig sj\u00e4lv och andra med <strong>empati, strategi och gl\u00e4dje<\/strong>. \ud83d\udcaa\u2764\ufe0f<\/p>\n\n\n\n<p>S\u00e5 min fr\u00e5ga till dig \u00e4r: <strong>Vad bygger upp din unika ledarpalett?<\/strong><br>Vilka &#8221;f\u00e4rger&#8221; har du, och vilka kompletterar de personer du har runt dig? \ud83c\udfa8<\/p>\n\n\n\n<figure class=\"wp-block-embed is-type-video is-provider-youtube wp-block-embed-youtube wp-embed-aspect-4-3 wp-has-aspect-ratio\"><div class=\"wp-block-embed__wrapper\">\n<div class=\"ast-oembed-container\" style=\"height: 100%;\"><iframe loading=\"lazy\" title=\"Del av grunden\" width=\"500\" height=\"375\" src=\"https:\/\/www.youtube.com\/embed\/7pyGAdb5jso?feature=oembed\" frameborder=\"0\" allow=\"accelerometer; autoplay; clipboard-write; encrypted-media; gyroscope; picture-in-picture; web-share\" referrerpolicy=\"strict-origin-when-cross-origin\" allowfullscreen><\/iframe><\/div>\n<\/div><\/figure>","protected":false},"excerpt":{"rendered":"<p>Vem eller vilka har format dig, och hur har dessa personer och h\u00e4ndelser p\u00e5verkat ditt s\u00e4tt att leda och agera? L\u00e5t mig ta dig tillbaka till sommaren mellan min studentexamen och b\u00f6rjan p\u00e5 mitt nya kapitel. Jag hade precis blivit antagen till h\u00f6gskolan, och d\u00e4r stod jag, nere i v\u00e5r familjs f\u00e4rgbutik, d\u00e4r jag jobbat [&hellip;]<\/p>\n","protected":false},"author":1,"featured_media":0,"comment_status":"open","ping_status":"open","sticky":false,"template":"","format":"standard","meta":{"_uag_custom_page_level_css":"","site-sidebar-layout":"default","site-content-layout":"","ast-site-content-layout":"default","site-content-style":"default","site-sidebar-style":"default","ast-global-header-display":"","ast-banner-title-visibility":"","ast-main-header-display":"","ast-hfb-above-header-display":"","ast-hfb-below-header-display":"","ast-hfb-mobile-header-display":"","site-post-title":"","ast-breadcrumbs-content":"","ast-featured-img":"","footer-sml-layout":"","theme-transparent-header-meta":"","adv-header-id-meta":"","stick-header-meta":"","header-above-stick-meta":"","header-main-stick-meta":"","header-below-stick-meta":"","astra-migrate-meta-layouts":"default","ast-page-background-enabled":"default","ast-page-background-meta":{"desktop":{"background-color":"var(--ast-global-color-4)","background-image":"","background-repeat":"repeat","background-position":"center center","background-size":"auto","background-attachment":"scroll","background-type":"","background-media":"","overlay-type":"","overlay-color":"","overlay-opacity":"","overlay-gradient":""},"tablet":{"background-color":"","background-image":"","background-repeat":"repeat","background-position":"center center","background-size":"auto","background-attachment":"scroll","background-type":"","background-media":"","overlay-type":"","overlay-color":"","overlay-opacity":"","overlay-gradient":""},"mobile":{"background-color":"","background-image":"","background-repeat":"repeat","background-position":"center center","background-size":"auto","background-attachment":"scroll","background-type":"","background-media":"","overlay-type":"","overlay-color":"","overlay-opacity":"","overlay-gradient":""}},"ast-content-background-meta":{"desktop":{"background-color":"var(--ast-global-color-5)","background-image":"","background-repeat":"repeat","background-position":"center center","background-size":"auto","background-attachment":"scroll","background-type":"","background-media":"","overlay-type":"","overlay-color":"","overlay-opacity":"","overlay-gradient":""},"tablet":{"background-color":"var(--ast-global-color-5)","background-image":"","background-repeat":"repeat","background-position":"center center","background-size":"auto","background-attachment":"scroll","background-type":"","background-media":"","overlay-type":"","overlay-color":"","overlay-opacity":"","overlay-gradient":""},"mobile":{"background-color":"var(--ast-global-color-5)","background-image":"","background-repeat":"repeat","background-position":"center center","background-size":"auto","background-attachment":"scroll","background-type":"","background-media":"","overlay-type":"","overlay-color":"","overlay-opacity":"","overlay-gradient":""}},"footnotes":""},"categories":[9],"tags":[],"class_list":["post-197","post","type-post","status-publish","format-standard","hentry","category-background"],"uagb_featured_image_src":{"full":false,"thumbnail":false,"medium":false,"medium_large":false,"large":false,"1536x1536":false,"2048x2048":false,"trp-custom-language-flag":false},"uagb_author_info":{"display_name":"Hanna Zaxmy","author_link":"https:\/\/migmatit.se\/en\/author\/hanna_local\/"},"uagb_comment_info":2,"uagb_excerpt":"Vem eller vilka har format dig, och hur har dessa personer och h\u00e4ndelser p\u00e5verkat ditt s\u00e4tt att leda och agera? L\u00e5t mig ta dig tillbaka till sommaren mellan min studentexamen och b\u00f6rjan p\u00e5 mitt nya kapitel. Jag hade precis blivit antagen till h\u00f6gskolan, och d\u00e4r stod jag, nere i v\u00e5r familjs f\u00e4rgbutik, d\u00e4r jag jobbat&hellip;","_links":{"self":[{"href":"https:\/\/migmatit.se\/en\/wp-json\/wp\/v2\/posts\/197","targetHints":{"allow":["GET"]}}],"collection":[{"href":"https:\/\/migmatit.se\/en\/wp-json\/wp\/v2\/posts"}],"about":[{"href":"https:\/\/migmatit.se\/en\/wp-json\/wp\/v2\/types\/post"}],"author":[{"embeddable":true,"href":"https:\/\/migmatit.se\/en\/wp-json\/wp\/v2\/users\/1"}],"replies":[{"embeddable":true,"href":"https:\/\/migmatit.se\/en\/wp-json\/wp\/v2\/comments?post=197"}],"version-history":[{"count":1,"href":"https:\/\/migmatit.se\/en\/wp-json\/wp\/v2\/posts\/197\/revisions"}],"predecessor-version":[{"id":198,"href":"https:\/\/migmatit.se\/en\/wp-json\/wp\/v2\/posts\/197\/revisions\/198"}],"wp:attachment":[{"href":"https:\/\/migmatit.se\/en\/wp-json\/wp\/v2\/media?parent=197"}],"wp:term":[{"taxonomy":"category","embeddable":true,"href":"https:\/\/migmatit.se\/en\/wp-json\/wp\/v2\/categories?post=197"},{"taxonomy":"post_tag","embeddable":true,"href":"https:\/\/migmatit.se\/en\/wp-json\/wp\/v2\/tags?post=197"}],"curies":[{"name":"wp","href":"https:\/\/api.w.org\/{rel}","templated":true}]}}